{"id":260,"date":"2022-01-18T10:00:00","date_gmt":"2022-01-18T10:00:00","guid":{"rendered":"https:\/\/econsultoria.net\/antenas\/2023\/04\/18\/antenistas-en-vilanova-i-la-geltru\/"},"modified":"2025-03-26T09:54:15","modified_gmt":"2025-03-26T09:54:15","slug":"antenistas-en-vilanova-i-la-geltru","status":"publish","type":"post","link":"https:\/\/www.antenascasanova.com\/es\/antenistas-en-vilanova-i-la-geltru\/","title":{"rendered":"Antenistas en Vilanova i la Geltr\u00fa\ufffc"},"content":{"rendered":"\n<p>Si est\u00e1s buscando a los mejores <strong>antenistas en Vilanova i la Geltr\u00fa<\/strong>, Antenas Casanova, <a href=\"https:\/\/www.antenascasanova.com\/es\/home\">empresa especializada en la instalaci\u00f3n y reparaci\u00f3n de antenas<\/a>, es tu opci\u00f3n perfecta.<\/p>\n\n\n\n<p>A continuaci\u00f3n, te contamos todos los detalles que necesitas saber para la instalaci\u00f3n y reparaci\u00f3n de antenas en Vilanova I La Geltr\u00fa.<\/p>\n\n\n\n<h2 class=\"wp-block-heading\">\u00bfCu\u00e1nto cuesta instalar una antena de TV?<\/h2>\n\n\n\n<p>Si quieres ver la televisi\u00f3n en tu hogar, necesitas tener una <a href=\"https:\/\/www.antenascasanova.com\/es\/#Servicios\">antena de TV<\/a> adecuada y bien instalada. Pero, \u00bfcu\u00e1nto cuesta este servicio? La respuesta depende de varios factores, como por ejemplo:<\/p>\n\n\n\n<ul class=\"wp-block-list\">\n<li>El tipo de antena que elijas, ya sea digital o por sat\u00e9lite, <a href=\"https:\/\/www.antenascasanova.com\/es\/antenistas-en-sabadell\/\">antena individual<\/a> o colectiva.<\/li>\n\n\n\n<li>La complejidad de la instalaci\u00f3n, seg\u00fan la altura, la orientaci\u00f3n y el cableado de la antena.<\/li>\n\n\n\n<li>La calidad de los materiales y los equipos que se utilicen, como el m\u00e1stil, el amplificador, el decodificador o el televisor.<\/li>\n\n\n\n<li>La mano de obra del antenista, que puede variar seg\u00fan la experiencia, la reputaci\u00f3n y la zona geogr\u00e1fica.<\/li>\n<\/ul>\n\n\n\n<p>Por lo tanto, el <strong>precio de instalar una antena de TV<\/strong> depender\u00e1 de todas estas circunstancias. Para saber el coste exacto, lo mejor es pedir varios presupuestos a diferentes <strong>antenistas en Vilanova i la Geltr\u00fa <\/strong>y compararlos. As\u00ed podr\u00e1s elegir el que mejor se adapte a tus necesidades y a tu bolsillo.<\/p>\n\n\n\n<h2 class=\"wp-block-heading\">\u00bfEn qu\u00e9 consiste el servicio de mantenimiento de una antenista en Vilanova i la Geltr\u00fa?<\/h2>\n\n\n\n<p>Tener una antena de TV instalada no es suficiente para disfrutar de la mejor calidad de imagen y sonido. Tambi\u00e9n es necesario realizar un servicio de mantenimiento peri\u00f3dico que garantice el buen funcionamiento y la durabilidad de la antena. Este servicio consiste en:<\/p>\n\n\n\n<ul class=\"wp-block-list\">\n<li>Revisar el estado de la antena, comprobando que no haya da\u00f1os, roturas o desajustes causados por el viento, la lluvia o el paso del tiempo.<\/li>\n\n\n\n<li>Ajustar la <strong>orientaci\u00f3n de la antena<\/strong>, seg\u00fan el tipo de se\u00f1al que se quiera recibir, ya sea digital o por sat\u00e9lite.<\/li>\n\n\n\n<li>Limpiar los elementos de la antena, eliminando el polvo, la suciedad y la humedad que puedan afectar a la recepci\u00f3n de la se\u00f1al.<\/li>\n\n\n\n<li>Cambiar o reparar las piezas defectuosas o deterioradas, como el cableado, los conectores, el amplificador o el decodificador.<\/li>\n<\/ul>\n\n\n\n<p>El servicio de mantenimiento de un <strong>antenista en Vilanova i la Geltr\u00fa <\/strong>puede tener un coste entre los 50 y los 200 euros, dependiendo del tipo y del estado de la antena. Se recomienda realizar este servicio al menos una vez al a\u00f1o, o cada vez que se detecte alg\u00fan problema en la calidad o en la cantidad de los canales. As\u00ed podr\u00e1s evitar aver\u00edas mayores y disfrutar de una televisi\u00f3n sin cortes ni interferencias.<\/p>\n\n\n\n<h2 class=\"wp-block-heading\" id=\"vilanova-i-la-geltru\">Vilanova i la Geltr\u00fa<\/h2>\n\n\n\n<p>Tambi\u00e9n conocida como Vilanova, Vilanova i la Geltr\u00fa es una ciudad y municipio dentro de la provincia de Barcelona situada a 45 km de la capital catalana y de la ciudad de Tarragona. Vilanova i la Geltr\u00fa tiene una gran variedad de sitios para ver y conocer. Aqu\u00ed te mencionamos algunos de ellos.<\/p>\n\n\n\n<h3 class=\"wp-block-heading\" id=\"rambla-principal\">Rambla principal<\/h3>\n\n\n\n<p>Uno de los lugares imprescindibles en Vilanova i la Geltr\u00fa. Uno de los centros sociales m\u00e1s movidos en toda la ciudad gracias a sus comercios, helader\u00edas, y terrazas. Es una de las ramblas peatonales m\u00e1s largas de Catalunya.<\/p>\n\n\n\n<h3 class=\"wp-block-heading\" id=\"museu-romantic-can-papiol\">Museu Rom\u00e0ntic Can Papiol<\/h3>\n\n\n\n<p>Uno de los tres museos que debes visitar si o si en tu visita por Vilanova i la Geltr\u00fa. Se trata de una casa se\u00f1orial de finales del siglo XVIII con apariencia discreta pero que esconde secretos lujosos.<\/p>\n\n\n\n<h3 class=\"wp-block-heading\" id=\"castillo-de-la-geltru\">Castillo de la Geltr\u00fa<\/h3>\n\n\n\n<p>La Geltr\u00fa, antiguamente un municipio independiente, es hoy el casco hist\u00f3rico de Vilanova. Aqu\u00ed se encuentra el Archivo Hist\u00f3rico Comarcal. Justo a su lado encontrar\u00e1s la Parr\u00f2quia de Santa Maria de la Geltr\u00fa, haci\u00e9ndolo un rinc\u00f3n que te trasladar\u00e1 a otra \u00e9poca.<\/p>\n\n\n\n<h2 class=\"wp-block-heading\" id=\"antenistas-en-vilanova-i-la-geltru\">Antenistas en Vilanova i la Geltr\u00fa<\/h2>\n\n\n\n<p>Como <strong>antenistas en Vilanova i la Geltr\u00fa<\/strong>, contamos con m\u00e1s de 10 a\u00f1os de experiencia dedicada a la <strong>instalaci\u00f3n y reparaci\u00f3n de antenas de TV, TDT y sat\u00e9lite<\/strong>, as\u00ed como porteros, videoporteros, controles de acceso y dom\u00f3tica. Nos adaptamos al presupuesto de cada uno de nuestros clientes y te asesoramos en tu elecci\u00f3n.<\/p>\n\n\n\n<p>Trabajamos como antenistas en Vilanova i la Geltr\u00fa y nos movilizamos hasta tu ubicaci\u00f3n sin coste adicional alguno, y te ofrecemos un servicio \u00f3ptimo con hasta 5 a\u00f1os de garant\u00eda.<\/p>\n\n\n\n<h2 class=\"wp-block-heading\" id=\"donde-esta-presente-antenas-casanova-en-vilanova-i-la-geltru\">\u00bfD\u00f3nde trabajamos como antenistas en Vilanova i la Geltr\u00fa?<\/h2>\n\n\n\n<p>Podemos movilizarnos sin problemas a cualquiera de los barrios de Vilanova I La Geltr\u00fa:<\/p>\n\n\n\n<h3 class=\"wp-block-heading\" id=\"aragai\">\u00b7&nbsp;&nbsp;&nbsp;&nbsp;&nbsp; Aragai<\/h3>\n\n\n\n<h3 class=\"wp-block-heading\" id=\"el-armanya\">\u00b7&nbsp;&nbsp;&nbsp;&nbsp;&nbsp; El Armanya<\/h3>\n\n\n\n<h3 class=\"wp-block-heading\" id=\"barrio-de-mar\">\u00b7&nbsp;&nbsp;&nbsp;&nbsp;&nbsp; Barrio de Mar<\/h3>\n\n\n\n<h3 class=\"wp-block-heading\" id=\"can-marques\">\u00b7&nbsp;&nbsp;&nbsp;&nbsp;&nbsp; Can Marques<\/h3>\n\n\n\n<h3 class=\"wp-block-heading\" id=\"cuartelas\">\u00b7&nbsp;&nbsp;&nbsp;&nbsp;&nbsp; Cuartelas<\/h3>\n\n\n\n<h3 class=\"wp-block-heading\" id=\"centrevila\">\u00b7&nbsp;&nbsp;&nbsp;&nbsp;&nbsp; Centrevila&nbsp;&nbsp;&nbsp;&nbsp;<\/h3>\n\n\n\n<h3 class=\"wp-block-heading\" id=\"la-collada-los-seis-caminos\">\u00b7&nbsp;&nbsp;&nbsp;&nbsp;&nbsp; La Collada-Los Seis Caminos<\/h3>\n\n\n\n<h3 class=\"wp-block-heading\" id=\"fondo-somella\">\u00b7&nbsp;&nbsp;&nbsp;&nbsp;&nbsp; Fondo Somella<\/h3>\n\n\n\n<h3 class=\"wp-block-heading\" id=\"la-geltru\">\u00b7&nbsp;&nbsp;&nbsp;&nbsp;&nbsp; La Geltr\u00fa<\/h3>\n\n\n\n<h3 class=\"wp-block-heading\" id=\"masia-nueva\">\u00b7&nbsp;&nbsp;&nbsp;&nbsp;&nbsp; Mas\u00eda Nueva<\/h3>\n\n\n\n<h3 class=\"wp-block-heading\" id=\"molino-de-viento\">\u00b7&nbsp;&nbsp;&nbsp;&nbsp;&nbsp; Molino de Viento<\/h3>\n\n\n\n<h3 class=\"wp-block-heading\" id=\"casco-antiguo\">\u00b7&nbsp;&nbsp;&nbsp;&nbsp;&nbsp; Casco Antiguo<\/h3>\n\n\n\n<h3 class=\"wp-block-heading\" id=\"plaza-de-la-sardana\">\u00b7&nbsp;&nbsp;&nbsp;&nbsp;&nbsp; Plaza de La Sardana<\/h3>\n\n\n\n<h3 class=\"wp-block-heading\" id=\"prado-de-vilanova\">\u00b7&nbsp;&nbsp;&nbsp;&nbsp;&nbsp; Prado de Vilanova<\/h3>\n\n\n\n<h3 class=\"wp-block-heading\" id=\"ribes-rojas\">\u00b7&nbsp;&nbsp;&nbsp;&nbsp;&nbsp; Ribes Rojas<\/h3>\n\n\n\n<h3 class=\"wp-block-heading\" id=\"san-juan\">\u00b7&nbsp;&nbsp;&nbsp;&nbsp;&nbsp; San Juan<\/h3>\n\n\n\n<h3 class=\"wp-block-heading\" id=\"santa-maria\">\u00b7&nbsp;&nbsp;&nbsp;&nbsp;&nbsp; Santa Mar\u00eda<\/h3>\n\n\n\n<h3 class=\"wp-block-heading\" id=\"tacon\">\u00b7&nbsp;&nbsp;&nbsp;&nbsp;&nbsp; Tac\u00f3n<\/h3>\n\n\n\n<p>Si buscas antenista en Vilanova i la Geltr\u00fa no dudes en comunicarte con nuestros antenistas de Antenas Casanova.<\/p>\n\n\n\n<h3 class=\"wp-block-heading\">\u00a1PIDE TU PRESUPUESTO para antenista en&nbsp;Vilanova i la Geltr\u00fa LLAMANDO AL 618 522 577!<\/h3>\n\n\n\n<!DOCTYPE html>\n<html lang=\"es\">\n<head>\n  <meta charset=\"UTF-8\" \/>\n  <meta name=\"viewport\" content=\"width=device-width, initial-scale=1.0\"\/>\n  <title>Mapa de Zonas &#8211; Vilanova i la Geltr\u00fa<\/title>\n  <link rel=\"stylesheet\" href=\"https:\/\/unpkg.com\/leaflet\/dist\/leaflet.css\" \/>\n  <style>\n    #map {\n      width: 100%;\n      height: 600px;\n    }\n    .leaflet-control-attribution {\n      display: none !important;\n    }\n  <\/style>\n<\/head>\n<body>\n  <div id=\"map\"><\/div>\n\n  <script src=\"https:\/\/unpkg.com\/leaflet\/dist\/leaflet.js\"><\/script>\n  <script>\n    const map = L.map('map').setView([41.2236, 1.7253], 13);\n\n    L.tileLayer('https:\/\/{s}.tile.openstreetmap.org\/{z}\/{x}\/{y}.png').addTo(map);\n\n    const zonas = [\n      { nombre: \"Aragai\", coords: [41.2230, 1.7390] },\n      { nombre: \"El Armanya\", coords: [41.2170, 1.7320] },\n      { nombre: \"Barrio de Mar\", coords: [41.2140, 1.7275] },\n      { nombre: \"Can Marques\", coords: [41.2280, 1.7210] },\n      { nombre: \"Cuartelas\", coords: [41.2225, 1.7295] },\n      { nombre: \"Centrevila\", coords: [41.2228, 1.7263] },\n      { nombre: \"La Collada-Los Seis Caminos\", coords: [41.2295, 1.7350] },\n      { nombre: \"Fondo Somella\", coords: [41.2255, 1.7435] },\n      { nombre: \"La Geltr\u00fa\", coords: [41.2210, 1.7240] },\n      { nombre: \"Mas\u00eda Nueva\", coords: [41.2265, 1.7180] },\n      { nombre: \"Molino de Viento\", coords: [41.2175, 1.7360] },\n      { nombre: \"Casco Antiguo\", coords: [41.2222, 1.7255] },\n      { nombre: \"Plaza de La Sardana\", coords: [41.2242, 1.7288] },\n      { nombre: \"Prado de Vilanova\", coords: [41.2208, 1.7315] },\n      { nombre: \"Ribes Rojas\", coords: [41.2305, 1.7270] },\n      { nombre: \"San Juan\", coords: [41.2248, 1.7345] },\n      { nombre: \"Santa Mar\u00eda\", coords: [41.2195, 1.7220] },\n      { nombre: \"Tac\u00f3n\", coords: [41.2180, 1.7380] }\n    ];\n\n    zonas.forEach(zona => {\n      const marker = L.circleMarker(zona.coords, {\n        radius: 8,\n        fillColor: \"#09c1e5\",\n        color: \"#ffffff\",\n        weight: 1,\n        opacity: 1,\n        fillOpacity: 0.9\n      }).addTo(map);\n      marker.bindPopup(`<b>${zona.nombre}<\/b>`);\n    });\n  <\/script>\n<\/body>\n<\/html>\n\n\n\n\n\n<p><\/p>\n","protected":false},"excerpt":{"rendered":"<p>Si est\u00e1s buscando a los mejores antenistas en Vilanova i la Geltr\u00fa, Antenas Casanova, empresa especializada en la instalaci\u00f3n y reparaci\u00f3n de antenas, es tu opci\u00f3n perfecta. A continuaci\u00f3n, te contamos todos los detalles que necesitas saber para la instalaci\u00f3n y reparaci\u00f3n de antenas en Vilanova I La Geltr\u00fa. \u00bfCu\u00e1nto cuesta instalar una antena de [&hellip;]<\/p>\n","protected":false},"author":1,"featured_media":502,"comment_status":"open","ping_status":"open","sticky":false,"template":"","format":"standard","meta":{"footnotes":""},"categories":[22],"tags":[28,30,24],"class_list":["post-260","post","type-post","status-publish","format-standard","has-post-thumbnail","hentry","category-antenas","tag-antenas-television","tag-empresa-instaladora-de-antenas","tag-instalacion-antenas"],"yoast_head":"<!-- This site is optimized with the Yoast SEO Premium plugin v26.3 (Yoast SEO v26.6) - https:\/\/yoast.com\/wordpress\/plugins\/seo\/ -->\n<title>Antenistas en Vilanova i la Geltr\u00fa\u3010618.522.577 \u3011<\/title>\n<meta name=\"description\" content=\"\u2705 Antenistas en Vilanova i la Geltr\u00fa \u2705 Reparaci\u00f3n e instalaci\u00f3n de antenas \u2705 TDT, porteros, videoporteros y m\u00e1s \u260e\ufe0f [618.522.577]\" \/>\n<meta name=\"robots\" content=\"index, follow, max-snippet:-1, max-image-preview:large, max-video-preview:-1\" \/>\n<link rel=\"canonical\" href=\"https:\/\/www.antenascasanova.com\/es\/antenistas-en-vilanova-i-la-geltru\/\" \/>\n<meta property=\"og:locale\" content=\"es_ES\" \/>\n<meta property=\"og:type\" content=\"article\" \/>\n<meta property=\"og:title\" content=\"Antenistas en Vilanova i la Geltr\u00fa\ufffc\" \/>\n<meta property=\"og:description\" content=\"\u2705 Antenistas en Vilanova i la Geltr\u00fa \u2705 Reparaci\u00f3n e instalaci\u00f3n de antenas \u2705 TDT, porteros, videoporteros y m\u00e1s \u260e\ufe0f [618.522.577]\" \/>\n<meta property=\"og:url\" content=\"https:\/\/www.antenascasanova.com\/es\/antenistas-en-vilanova-i-la-geltru\/\" \/>\n<meta property=\"og:site_name\" content=\"Casanova Teleco\" \/>\n<meta property=\"article:published_time\" content=\"2022-01-18T10:00:00+00:00\" \/>\n<meta property=\"article:modified_time\" content=\"2025-03-26T09:54:15+00:00\" \/>\n<meta property=\"og:image\" content=\"https:\/\/www.antenascasanova.com\/wp-content\/uploads\/2023\/04\/Antenascasanova-blog-antenistas-en-vilanova-i-la-geltru.jpg\" \/>\n\t<meta property=\"og:image:width\" content=\"1000\" \/>\n\t<meta property=\"og:image:height\" content=\"667\" \/>\n\t<meta property=\"og:image:type\" content=\"image\/jpeg\" \/>\n<meta name=\"author\" content=\"Elementor\" \/>\n<script type=\"application\/ld+json\" class=\"yoast-schema-graph\">{\"@context\":\"https:\/\/schema.org\",\"@graph\":[{\"@type\":\"Article\",\"@id\":\"https:\/\/www.antenascasanova.com\/es\/antenistas-en-vilanova-i-la-geltru\/#article\",\"isPartOf\":{\"@id\":\"https:\/\/www.antenascasanova.com\/es\/antenistas-en-vilanova-i-la-geltru\/\"},\"author\":{\"name\":\"Elementor\",\"@id\":\"https:\/\/www.antenascasanova.com\/es\/#\/schema\/person\/40ca04dc225233aaef572f97c6c42caa\"},\"headline\":\"Antenistas en Vilanova i la Geltr\u00fa\ufffc\",\"datePublished\":\"2022-01-18T10:00:00+00:00\",\"dateModified\":\"2025-03-26T09:54:15+00:00\",\"mainEntityOfPage\":{\"@id\":\"https:\/\/www.antenascasanova.com\/es\/antenistas-en-vilanova-i-la-geltru\/\"},\"wordCount\":960,\"commentCount\":0,\"publisher\":{\"@id\":\"https:\/\/www.antenascasanova.com\/es\/#organization\"},\"image\":{\"@id\":\"https:\/\/www.antenascasanova.com\/es\/antenistas-en-vilanova-i-la-geltru\/#primaryimage\"},\"thumbnailUrl\":\"https:\/\/www.antenascasanova.com\/wp-content\/uploads\/2023\/04\/Antenascasanova-blog-antenistas-en-vilanova-i-la-geltru.jpg\",\"keywords\":[\"antenas televisi\u00f3n\",\"empresa instaladora de antenas\",\"instalaci\u00f3n antenas\"],\"articleSection\":[\"Antenas\"],\"inLanguage\":\"es\",\"potentialAction\":[{\"@type\":\"CommentAction\",\"name\":\"Comment\",\"target\":[\"https:\/\/www.antenascasanova.com\/es\/antenistas-en-vilanova-i-la-geltru\/#respond\"]}]},{\"@type\":\"WebPage\",\"@id\":\"https:\/\/www.antenascasanova.com\/es\/antenistas-en-vilanova-i-la-geltru\/\",\"url\":\"https:\/\/www.antenascasanova.com\/es\/antenistas-en-vilanova-i-la-geltru\/\",\"name\":\"Antenistas en Vilanova i la Geltr\u00fa\u3010618.522.577 \u3011\",\"isPartOf\":{\"@id\":\"https:\/\/www.antenascasanova.com\/es\/#website\"},\"primaryImageOfPage\":{\"@id\":\"https:\/\/www.antenascasanova.com\/es\/antenistas-en-vilanova-i-la-geltru\/#primaryimage\"},\"image\":{\"@id\":\"https:\/\/www.antenascasanova.com\/es\/antenistas-en-vilanova-i-la-geltru\/#primaryimage\"},\"thumbnailUrl\":\"https:\/\/www.antenascasanova.com\/wp-content\/uploads\/2023\/04\/Antenascasanova-blog-antenistas-en-vilanova-i-la-geltru.jpg\",\"datePublished\":\"2022-01-18T10:00:00+00:00\",\"dateModified\":\"2025-03-26T09:54:15+00:00\",\"description\":\"\u2705 Antenistas en Vilanova i la Geltr\u00fa \u2705 Reparaci\u00f3n e instalaci\u00f3n de antenas \u2705 TDT, porteros, videoporteros y m\u00e1s \u260e\ufe0f [618.522.577]\",\"breadcrumb\":{\"@id\":\"https:\/\/www.antenascasanova.com\/es\/antenistas-en-vilanova-i-la-geltru\/#breadcrumb\"},\"inLanguage\":\"es\",\"potentialAction\":[{\"@type\":\"ReadAction\",\"target\":[\"https:\/\/www.antenascasanova.com\/es\/antenistas-en-vilanova-i-la-geltru\/\"]}]},{\"@type\":\"ImageObject\",\"inLanguage\":\"es\",\"@id\":\"https:\/\/www.antenascasanova.com\/es\/antenistas-en-vilanova-i-la-geltru\/#primaryimage\",\"url\":\"https:\/\/www.antenascasanova.com\/wp-content\/uploads\/2023\/04\/Antenascasanova-blog-antenistas-en-vilanova-i-la-geltru.jpg\",\"contentUrl\":\"https:\/\/www.antenascasanova.com\/wp-content\/uploads\/2023\/04\/Antenascasanova-blog-antenistas-en-vilanova-i-la-geltru.jpg\",\"width\":1000,\"height\":667,\"caption\":\"Antenistas en vilanova i la geltru\"},{\"@type\":\"BreadcrumbList\",\"@id\":\"https:\/\/www.antenascasanova.com\/es\/antenistas-en-vilanova-i-la-geltru\/#breadcrumb\",\"itemListElement\":[{\"@type\":\"ListItem\",\"position\":1,\"name\":\"Home\",\"item\":\"https:\/\/www.antenascasanova.com\/es\/\"},{\"@type\":\"ListItem\",\"position\":2,\"name\":\"Antenistas en Vilanova i la Geltr\u00fa\ufffc\"}]},{\"@type\":\"WebSite\",\"@id\":\"https:\/\/www.antenascasanova.com\/es\/#website\",\"url\":\"https:\/\/www.antenascasanova.com\/es\/\",\"name\":\"Casanova Teleco\",\"description\":\"Instalaci\u00f3n y reparaci\u00f3n de antenas de todo tipo, TDT, porteros, video porteros, cctv, controles de acceso, alarmas y dom\u00f3tica\",\"publisher\":{\"@id\":\"https:\/\/www.antenascasanova.com\/es\/#organization\"},\"potentialAction\":[{\"@type\":\"SearchAction\",\"target\":{\"@type\":\"EntryPoint\",\"urlTemplate\":\"https:\/\/www.antenascasanova.com\/es\/?s={search_term_string}\"},\"query-input\":{\"@type\":\"PropertyValueSpecification\",\"valueRequired\":true,\"valueName\":\"search_term_string\"}}],\"inLanguage\":\"es\"},{\"@type\":\"Organization\",\"@id\":\"https:\/\/www.antenascasanova.com\/es\/#organization\",\"name\":\"Casanova Teleco\",\"url\":\"https:\/\/www.antenascasanova.com\/es\/\",\"logo\":{\"@type\":\"ImageObject\",\"inLanguage\":\"es\",\"@id\":\"https:\/\/www.antenascasanova.com\/es\/#\/schema\/logo\/image\/\",\"url\":\"https:\/\/www.antenascasanova.com\/wp-content\/uploads\/2025\/05\/Antenas-Casanova.png\",\"contentUrl\":\"https:\/\/www.antenascasanova.com\/wp-content\/uploads\/2025\/05\/Antenas-Casanova.png\",\"width\":487,\"height\":195,\"caption\":\"Casanova Teleco\"},\"image\":{\"@id\":\"https:\/\/www.antenascasanova.com\/es\/#\/schema\/logo\/image\/\"}},{\"@type\":\"Person\",\"@id\":\"https:\/\/www.antenascasanova.com\/es\/#\/schema\/person\/40ca04dc225233aaef572f97c6c42caa\",\"name\":\"Elementor\",\"image\":{\"@type\":\"ImageObject\",\"inLanguage\":\"es\",\"@id\":\"https:\/\/www.antenascasanova.com\/es\/#\/schema\/person\/image\/\",\"url\":\"https:\/\/secure.gravatar.com\/avatar\/6c860925a3cdb3217cc078dce380507babcf0dae6e294c9613d0c58df703d471?s=96&d=mm&r=g\",\"contentUrl\":\"https:\/\/secure.gravatar.com\/avatar\/6c860925a3cdb3217cc078dce380507babcf0dae6e294c9613d0c58df703d471?s=96&d=mm&r=g\",\"caption\":\"Elementor\"},\"url\":\"https:\/\/www.antenascasanova.com\/es\/author\/antenas\/\"}]}<\/script>\n<!-- \/ Yoast SEO Premium plugin. -->","yoast_head_json":{"title":"Antenistas en Vilanova i la Geltr\u00fa\u3010618.522.577 \u3011","description":"\u2705 Antenistas en Vilanova i la Geltr\u00fa \u2705 Reparaci\u00f3n e instalaci\u00f3n de antenas \u2705 TDT, porteros, videoporteros y m\u00e1s \u260e\ufe0f [618.522.577]","robots":{"index":"index","follow":"follow","max-snippet":"max-snippet:-1","max-image-preview":"max-image-preview:large","max-video-preview":"max-video-preview:-1"},"canonical":"https:\/\/www.antenascasanova.com\/es\/antenistas-en-vilanova-i-la-geltru\/","og_locale":"es_ES","og_type":"article","og_title":"Antenistas en Vilanova i la Geltr\u00fa\ufffc","og_description":"\u2705 Antenistas en Vilanova i la Geltr\u00fa \u2705 Reparaci\u00f3n e instalaci\u00f3n de antenas \u2705 TDT, porteros, videoporteros y m\u00e1s \u260e\ufe0f [618.522.577]","og_url":"https:\/\/www.antenascasanova.com\/es\/antenistas-en-vilanova-i-la-geltru\/","og_site_name":"Casanova Teleco","article_published_time":"2022-01-18T10:00:00+00:00","article_modified_time":"2025-03-26T09:54:15+00:00","og_image":[{"width":1000,"height":667,"url":"https:\/\/www.antenascasanova.com\/wp-content\/uploads\/2023\/04\/Antenascasanova-blog-antenistas-en-vilanova-i-la-geltru.jpg","type":"image\/jpeg"}],"author":"Elementor","schema":{"@context":"https:\/\/schema.org","@graph":[{"@type":"Article","@id":"https:\/\/www.antenascasanova.com\/es\/antenistas-en-vilanova-i-la-geltru\/#article","isPartOf":{"@id":"https:\/\/www.antenascasanova.com\/es\/antenistas-en-vilanova-i-la-geltru\/"},"author":{"name":"Elementor","@id":"https:\/\/www.antenascasanova.com\/es\/#\/schema\/person\/40ca04dc225233aaef572f97c6c42caa"},"headline":"Antenistas en Vilanova i la Geltr\u00fa\ufffc","datePublished":"2022-01-18T10:00:00+00:00","dateModified":"2025-03-26T09:54:15+00:00","mainEntityOfPage":{"@id":"https:\/\/www.antenascasanova.com\/es\/antenistas-en-vilanova-i-la-geltru\/"},"wordCount":960,"commentCount":0,"publisher":{"@id":"https:\/\/www.antenascasanova.com\/es\/#organization"},"image":{"@id":"https:\/\/www.antenascasanova.com\/es\/antenistas-en-vilanova-i-la-geltru\/#primaryimage"},"thumbnailUrl":"https:\/\/www.antenascasanova.com\/wp-content\/uploads\/2023\/04\/Antenascasanova-blog-antenistas-en-vilanova-i-la-geltru.jpg","keywords":["antenas televisi\u00f3n","empresa instaladora de antenas","instalaci\u00f3n antenas"],"articleSection":["Antenas"],"inLanguage":"es","potentialAction":[{"@type":"CommentAction","name":"Comment","target":["https:\/\/www.antenascasanova.com\/es\/antenistas-en-vilanova-i-la-geltru\/#respond"]}]},{"@type":"WebPage","@id":"https:\/\/www.antenascasanova.com\/es\/antenistas-en-vilanova-i-la-geltru\/","url":"https:\/\/www.antenascasanova.com\/es\/antenistas-en-vilanova-i-la-geltru\/","name":"Antenistas en Vilanova i la Geltr\u00fa\u3010618.522.577 \u3011","isPartOf":{"@id":"https:\/\/www.antenascasanova.com\/es\/#website"},"primaryImageOfPage":{"@id":"https:\/\/www.antenascasanova.com\/es\/antenistas-en-vilanova-i-la-geltru\/#primaryimage"},"image":{"@id":"https:\/\/www.antenascasanova.com\/es\/antenistas-en-vilanova-i-la-geltru\/#primaryimage"},"thumbnailUrl":"https:\/\/www.antenascasanova.com\/wp-content\/uploads\/2023\/04\/Antenascasanova-blog-antenistas-en-vilanova-i-la-geltru.jpg","datePublished":"2022-01-18T10:00:00+00:00","dateModified":"2025-03-26T09:54:15+00:00","description":"\u2705 Antenistas en Vilanova i la Geltr\u00fa \u2705 Reparaci\u00f3n e instalaci\u00f3n de antenas \u2705 TDT, porteros, videoporteros y m\u00e1s \u260e\ufe0f [618.522.577]","breadcrumb":{"@id":"https:\/\/www.antenascasanova.com\/es\/antenistas-en-vilanova-i-la-geltru\/#breadcrumb"},"inLanguage":"es","potentialAction":[{"@type":"ReadAction","target":["https:\/\/www.antenascasanova.com\/es\/antenistas-en-vilanova-i-la-geltru\/"]}]},{"@type":"ImageObject","inLanguage":"es","@id":"https:\/\/www.antenascasanova.com\/es\/antenistas-en-vilanova-i-la-geltru\/#primaryimage","url":"https:\/\/www.antenascasanova.com\/wp-content\/uploads\/2023\/04\/Antenascasanova-blog-antenistas-en-vilanova-i-la-geltru.jpg","contentUrl":"https:\/\/www.antenascasanova.com\/wp-content\/uploads\/2023\/04\/Antenascasanova-blog-antenistas-en-vilanova-i-la-geltru.jpg","width":1000,"height":667,"caption":"Antenistas en vilanova i la geltru"},{"@type":"BreadcrumbList","@id":"https:\/\/www.antenascasanova.com\/es\/antenistas-en-vilanova-i-la-geltru\/#breadcrumb","itemListElement":[{"@type":"ListItem","position":1,"name":"Home","item":"https:\/\/www.antenascasanova.com\/es\/"},{"@type":"ListItem","position":2,"name":"Antenistas en Vilanova i la Geltr\u00fa\ufffc"}]},{"@type":"WebSite","@id":"https:\/\/www.antenascasanova.com\/es\/#website","url":"https:\/\/www.antenascasanova.com\/es\/","name":"Casanova Teleco","description":"Instalaci\u00f3n y reparaci\u00f3n de antenas de todo tipo, TDT, porteros, video porteros, cctv, controles de acceso, alarmas y dom\u00f3tica","publisher":{"@id":"https:\/\/www.antenascasanova.com\/es\/#organization"},"potentialAction":[{"@type":"SearchAction","target":{"@type":"EntryPoint","urlTemplate":"https:\/\/www.antenascasanova.com\/es\/?s={search_term_string}"},"query-input":{"@type":"PropertyValueSpecification","valueRequired":true,"valueName":"search_term_string"}}],"inLanguage":"es"},{"@type":"Organization","@id":"https:\/\/www.antenascasanova.com\/es\/#organization","name":"Casanova Teleco","url":"https:\/\/www.antenascasanova.com\/es\/","logo":{"@type":"ImageObject","inLanguage":"es","@id":"https:\/\/www.antenascasanova.com\/es\/#\/schema\/logo\/image\/","url":"https:\/\/www.antenascasanova.com\/wp-content\/uploads\/2025\/05\/Antenas-Casanova.png","contentUrl":"https:\/\/www.antenascasanova.com\/wp-content\/uploads\/2025\/05\/Antenas-Casanova.png","width":487,"height":195,"caption":"Casanova Teleco"},"image":{"@id":"https:\/\/www.antenascasanova.com\/es\/#\/schema\/logo\/image\/"}},{"@type":"Person","@id":"https:\/\/www.antenascasanova.com\/es\/#\/schema\/person\/40ca04dc225233aaef572f97c6c42caa","name":"Elementor","image":{"@type":"ImageObject","inLanguage":"es","@id":"https:\/\/www.antenascasanova.com\/es\/#\/schema\/person\/image\/","url":"https:\/\/secure.gravatar.com\/avatar\/6c860925a3cdb3217cc078dce380507babcf0dae6e294c9613d0c58df703d471?s=96&d=mm&r=g","contentUrl":"https:\/\/secure.gravatar.com\/avatar\/6c860925a3cdb3217cc078dce380507babcf0dae6e294c9613d0c58df703d471?s=96&d=mm&r=g","caption":"Elementor"},"url":"https:\/\/www.antenascasanova.com\/es\/author\/antenas\/"}]}},"_links":{"self":[{"href":"https:\/\/www.antenascasanova.com\/es\/wp-json\/wp\/v2\/posts\/260","targetHints":{"allow":["GET"]}}],"collection":[{"href":"https:\/\/www.antenascasanova.com\/es\/wp-json\/wp\/v2\/posts"}],"about":[{"href":"https:\/\/www.antenascasanova.com\/es\/wp-json\/wp\/v2\/types\/post"}],"author":[{"embeddable":true,"href":"https:\/\/www.antenascasanova.com\/es\/wp-json\/wp\/v2\/users\/1"}],"replies":[{"embeddable":true,"href":"https:\/\/www.antenascasanova.com\/es\/wp-json\/wp\/v2\/comments?post=260"}],"version-history":[{"count":9,"href":"https:\/\/www.antenascasanova.com\/es\/wp-json\/wp\/v2\/posts\/260\/revisions"}],"predecessor-version":[{"id":2231,"href":"https:\/\/www.antenascasanova.com\/es\/wp-json\/wp\/v2\/posts\/260\/revisions\/2231"}],"wp:featuredmedia":[{"embeddable":true,"href":"https:\/\/www.antenascasanova.com\/es\/wp-json\/wp\/v2\/media\/502"}],"wp:attachment":[{"href":"https:\/\/www.antenascasanova.com\/es\/wp-json\/wp\/v2\/media?parent=260"}],"wp:term":[{"taxonomy":"category","embeddable":true,"href":"https:\/\/www.antenascasanova.com\/es\/wp-json\/wp\/v2\/categories?post=260"},{"taxonomy":"post_tag","embeddable":true,"href":"https:\/\/www.antenascasanova.com\/es\/wp-json\/wp\/v2\/tags?post=260"}],"curies":[{"name":"wp","href":"https:\/\/api.w.org\/{rel}","templated":true}]}}