{"id":262,"date":"2022-02-17T10:00:00","date_gmt":"2022-02-17T10:00:00","guid":{"rendered":"https:\/\/econsultoria.net\/antenas\/2023\/04\/18\/antenistas-en-viladecans\/"},"modified":"2024-04-15T11:42:38","modified_gmt":"2024-04-15T11:42:38","slug":"antenistas-en-viladecans","status":"publish","type":"post","link":"https:\/\/www.antenascasanova.com\/es\/antenistas-en-viladecans\/","title":{"rendered":"Antenistas en Viladecans\ufffc"},"content":{"rendered":"\n<p>Cuando necesitas <strong>antenistas en Viladecans<\/strong> te encuentras en la b\u00fasqueda de un servicio experimentado, capacitado y con precios accesibles, que pueda resolver r\u00e1pidamente los problemas t\u00e9cnicos en tu servicio de TV y video.<\/p>\n\n\n\n<p>Somos <strong>antenistas en Viladecans<\/strong> y contamos con un equipo de antenistas econ\u00f3micos que ofrece los mejores servicios de <strong>instalaci\u00f3n y reparaci\u00f3n de antenas<\/strong> en todas las tecnolog\u00edas disponibles en el mercado, tanto para antenas particulares como para <a href=\"https:\/\/www.antenascasanova.com\/es\/antenistas-en-valencia\/\">antenas de comunidades<\/a>. Te invitamos a conocer algo m\u00e1s sobre el mundo de las antenas y a descubrir c\u00f3mo elegir el mejor servicio de reparaci\u00f3n e instalaci\u00f3n de antenas en Viladecans.<\/p>\n\n\n\n<h3 class=\"wp-block-heading\">\u00a1Si tienes problemas con tu antena en Viladecans, no dudes en contactarnos!<\/h3>\n\n\n\n<h2 class=\"wp-block-heading\">Problemas con la lluvia de antenas en Viladecans<\/h2>\n\n\n\n<p>Es habitual que el clima nos juegue una mala pasada e interrumpa moment\u00e1neamente los servicios de TV y video digital. \u00bfQu\u00e9 debemos tener en cuenta?<\/p>\n\n\n\n<ul class=\"wp-block-list\">\n<li>Aunque normalmente las lluvias no tienen un impacto directo sobre la se\u00f1al de TV digital, si son muy intensas pueden reducir la <a href=\"https:\/\/www.antenascasanova.com\/es\/antenistas-en-sabadell\/\">intensidad de la se\u00f1al<\/a> y perjudicar la recepci\u00f3n.<\/li>\n<\/ul>\n\n\n\n<ul class=\"wp-block-list\">\n<li>Las gotas de lluvia pueden absorber energ\u00eda de la se\u00f1al, dispers\u00e1ndola y causando interferencias.<\/li>\n<\/ul>\n\n\n\n<ul class=\"wp-block-list\">\n<li>Este tipo de problema es m\u00e1s habitual en las longitudes de onda m\u00e1s cortas.<\/li>\n<\/ul>\n\n\n\n<ul class=\"wp-block-list\">\n<li>Entre los distintos fen\u00f3menos meteorol\u00f3gicos, la lluvia es la que suele traer m\u00e1s problemas y obligarte a buscar <strong>antenistas en Viladecans<\/strong>. La nieve y el granizo suelen traer menos inconvenientes.<\/li>\n<\/ul>\n\n\n\n<h2 class=\"wp-block-heading\">Funciones de una antena parab\u00f3lica<\/h2>\n\n\n\n<p>Una <strong><a href=\"https:\/\/www.antenascasanova.com\/es\/antenistas-en-badalona\/\">antena parab\u00f3lica<\/a><\/strong> es un sistema de recepci\u00f3n de se\u00f1ales de televisi\u00f3n, radio o internet que funciona a trav\u00e9s de la reflexi\u00f3n de ondas electromagn\u00e9ticas en una superficie curva. Este tipo de antena es muy empleada en la actualidad, por eso queremos contarte cu\u00e1les son sus principales funciones:<\/p>\n\n\n\n<ul class=\"wp-block-list\">\n<li>Permite captar se\u00f1ales de televisi\u00f3n en alta definici\u00f3n y acceso a m\u00faltiples canales, siempre que se encuentre en posici\u00f3n adecuada en relaci\u00f3n con el sat\u00e9lite.<\/li>\n<\/ul>\n\n\n\n<ul class=\"wp-block-list\">\n<li>Optimiza la calidad de la se\u00f1al.<\/li>\n<\/ul>\n\n\n\n<ul class=\"wp-block-list\">\n<li>Aumenta el alcance y reduce los problemas e interferencias, como los mencionados previamente por la acci\u00f3n del clima.<\/li>\n<\/ul>\n\n\n\n<p>En Antenas Casanova somos expertos en la instalaci\u00f3n y reparaci\u00f3n de antenas parab\u00f3licas. Nuestros <strong>antenistas en Viladecans<\/strong> realizan la instalaci\u00f3n en la parte externa o en el \u00e1rea de la azotea de la edificaci\u00f3n, para garantizar as\u00ed una \u00f3ptima captaci\u00f3n de la se\u00f1al.<\/p>\n\n\n\n<h2 class=\"wp-block-heading\">D\u00f3nde trabajamos como<span style=\"font-weight: 400;\"> antenistas en Viladecans<\/span><\/h2>\n\n\n\n<p><span style=\"font-weight: 400;\">Nuestros <strong>antenistas en Viladecans <\/strong>est\u00e1n altamente capacitados para asegurarse de que su antena en Viladecans est\u00e9 configurada correctamente para recibir la mejor se\u00f1al posible. Ofrecemos nuestros servicios de antenistas en Viladecans y sus barrios y sectores aleda\u00f1os:<\/span><\/p>\n\n\n\n<h3 class=\"wp-block-heading\"><span style=\"font-weight: 400;\">Barri antic<\/span><\/h3>\n\n\n\n<h3 class=\"wp-block-heading\"><span style=\"font-weight: 400;\">L&#8217;Eixample centre<\/span><\/h3>\n\n\n\n<h3 class=\"wp-block-heading\"><span style=\"font-weight: 400;\">La Montserratina<\/span><\/h3>\n\n\n\n<h3 class=\"wp-block-heading\"><span style=\"font-weight: 400;\">El Ginestar<\/span><\/h3>\n\n\n\n<h3 class=\"wp-block-heading\"><span style=\"font-weight: 400;\">La Torre Roja \u2013 Campreci\u00f3s<\/span><\/h3>\n\n\n\n<h3 class=\"wp-block-heading\"><span style=\"font-weight: 400;\">Barri de Sales<\/span><\/h3>\n\n\n\n<h3 class=\"wp-block-heading\"><span style=\"font-weight: 400;\">El Poblat Roca<\/span><\/h3>\n\n\n\n<h3 class=\"wp-block-heading\"><span style=\"font-weight: 400;\">Can Palmer \u2013 Can Batllori<\/span><\/h3>\n\n\n\n<h3 class=\"wp-block-heading\"><span style=\"font-weight: 400;\">L&#8217;Alba-rosa \u2013 Can Guardiola<\/span><\/h3>\n\n\n\n<h3 class=\"wp-block-heading\"><span style=\"font-weight: 400;\">El Torrent Ballester<\/span><\/h3>\n\n\n\n<h3 class=\"wp-block-heading\"><span style=\"font-weight: 400;\">El Mas Rat\u00e9s<\/span><\/h3>\n\n\n\n<h3 class=\"wp-block-heading\"><span style=\"font-weight: 400;\">Grup Sant Jordi<\/span><\/h3>\n\n\n\n<h3 class=\"wp-block-heading\"><span style=\"font-weight: 400;\">Can Sellar\u00e8s<\/span><\/h3>\n\n\n\n<h2 class=\"wp-block-heading\"><span style=\"font-weight: 400;\">Reparaci\u00f3n de antenas en Viladecans<\/span><\/h2>\n\n\n\n<p><span style=\"font-weight: 400;\">Si tu antena se ha averiado y necesitas repararla, nuestros <\/span><b>antenistas en Viladecans <\/b>ofrecen servicios<span style=\"font-weight: 400;\"><strong> <\/strong>de reparaci\u00f3n de antenas en Viladecans. Nuestros t\u00e9cnicos identificar\u00e1n el problema y lo resolver\u00e1n en el menor tiempo posible. Adem\u00e1s, tambi\u00e9n ofrecemos servicios de mantenimiento preventivo para evitar futuros problemas con tu antena. Entre otros servicios, nuestros antenistas se desplazan a donde se encuentre para solucionar los siguientes problemas:\u00a0<\/span><\/p>\n\n\n\n<ul class=\"wp-block-list\">\n<li> <span style=\"color: revert; font-family: var(--heading--font-family); font-size: var(--heading--font-size-h3); letter-spacing: var(--heading--letter-spacing-h3); background-color: var(--global--color-background);\">Interferencias de se\u00f1al, debilidad o inestabilidad de la misma.<\/span> <\/li>\n\n\n\n<li> <span style=\"color: revert; font-family: var(--heading--font-family); font-size: var(--heading--font-size-h3); letter-spacing: var(--heading--letter-spacing-h3); background-color: var(--global--color-background);\">Falta de canales.<\/span> <\/li>\n\n\n\n<li> <span style=\"color: revert; font-family: var(--heading--font-family); font-size: var(--heading--font-size-h3); letter-spacing: var(--heading--letter-spacing-h3); background-color: var(--global--color-background);\">Antena averiada o mal ubicada.<\/span> <\/li>\n\n\n\n<li> <span style=\"color: revert; font-family: var(--heading--font-family); font-size: var(--heading--font-size-h3); letter-spacing: var(--heading--letter-spacing-h3); background-color: var(--global--color-background);\">Cambio de cableado y conectores.<\/span> <\/li>\n<\/ul>\n\n\n\n<h2 class=\"wp-block-heading\"><span style=\"font-weight: 400;\">Servicios de antenistas en Viladecans<\/span><\/h2>\n\n\n\n<p><span style=\"font-weight: 400;\">Contamos con un equipo de profesionales altamente capacitados para brindar servicios de calidad a nuestros clientes, como los que a continuaci\u00f3n se\u00f1alamos:<\/span><\/p>\n\n\n\n<h3 class=\"wp-block-heading\"><span style=\"font-weight: 400;\">Instalaci\u00f3n de videoporteros en Viladecans<\/span><\/h3>\n\n\n\n<p><span style=\"font-weight: 400;\">Adem\u00e1s de servicios de antenistas en Viladecans, tambi\u00e9n ofrecemos <a href=\"https:\/\/www.antenascasanova.com\/es\/instalacion-y-reparacion-de-videoporteros-en-viladecans\/\">instalaci\u00f3n de videoporteros en Viladecans<\/a>. Contar con un sistema de seguridad en nuestro hogar o en el edificio donde habitamos es fundamental, y en Antenas Casanova nos encargamos de brindar soluciones de calidad.<\/span><\/p>\n\n\n\n<h3 class=\"wp-block-heading\"><span style=\"font-weight: 400;\">Instalaci\u00f3n de alarmas en Viladecans<\/span><\/h3>\n\n\n\n<p><span style=\"font-weight: 400;\">La seguridad de nuestros clientes es nuestra prioridad, por lo que nos aseguramos de <a href=\"https:\/\/www.antenascasanova.com\/es\/instalacion-y-revision-de-alarmas-en-hospitalet-de-llobregat\/\">instalar alarmas sin cuota <\/a>eficientes y de calidad para garantizar la tranquilidad de nuestros clientes.<\/span><\/p>\n\n\n\n<h3 class=\"wp-block-heading\"><span style=\"font-weight: 400;\">Instalaci\u00f3n de c\u00e1maras de videovigilancia en Viladecans<\/span><\/h3>\n\n\n\n<p><span style=\"font-weight: 400;\">Nuestros <\/span><b>antenistas en Viladecans<\/b><span style=\"font-weight: 400;\"> tambi\u00e9n ofrecen servicios de <\/span><a href=\"https:\/\/www.antenascasanova.com\/es\/instalacion-camaras-videovigilancia\/\"><span style=\"font-weight: 400;\">instalaci\u00f3n de c\u00e1maras de <\/span><\/a><span style=\"font-weight: 400;\"><a href=\"https:\/\/www.antenascasanova.com\/es\/instalacion-y-reparacion-de-camaras-de-videovigilancia-cctv-en-vilanova-i-la-geltru\/\">videovigilancia<\/a>; la cual es una herramienta fundamental para garantizar la seguridad de nuestro hogar. En Antenas Casanova nos encargamos de instalar estos sistemas de c\u00e1maras de calidad para asegurarnos de que nuestros clientes puedan monitorear su hogar en todo momento.<\/span><\/p>\n\n\n\n<h2 class=\"wp-block-heading\"><span style=\"font-weight: 400;\">Nuestro excelente servicio como antenistas en Viladecans<\/span><\/h2>\n\n\n\n<p><span style=\"font-weight: 400;\">Como <\/span><b>antenistas en Viladecans<\/b><span style=\"font-weight: 400;\">, entendemos que nuestros clientes tienen necesidades \u00fanicas y, por lo tanto, trabajamos en estrecha colaboraci\u00f3n con cada uno de ellos para garantizar que sus expectativas se cumplan. Nuestro enfoque personalizado nos ha permitido desarrollar una base de clientes satisfechos que nos recomiendan a familiares y amigos.<\/span><\/p>\n\n\n\n<p><span style=\"font-weight: 400;\">Uno de los servicios m\u00e1s solicitados en Viladecans es la instalaci\u00f3n de antenas parab\u00f3licas, ya que son una excelente opci\u00f3n para aquellos que desean recibir se\u00f1ales de televisi\u00f3n y radio de alta calidad. Nuestros <\/span><b>antenistas en Viladecans<\/b><span style=\"font-weight: 400;\"> ofrecen un servicio de reparaci\u00f3n y mantenimiento para garantizar que las se\u00f1ales de televisi\u00f3n y radio se reciban de manera \u00f3ptima.<\/span><\/p>\n\n\n\n<p><span style=\"font-weight: 400;\">Tambi\u00e9n ofrecemos <strong>servicios de reparaci\u00f3n de antenas convencionales en Viladecans<\/strong>. Nuestros t\u00e9cnicos altamente capacitados pueden solucionar cualquier problema que pueda tener con su antena y asegurarse de que reciba se\u00f1ales claras y n\u00edtidas.<\/span><\/p>\n\n\n\n<p><span style=\"font-weight: 400;\">Ofrecemos presupuestos sin compromiso y sin coste adicional, precios competitivos y una garant\u00eda de 5 a\u00f1os en todos nuestros trabajos de instalaci\u00f3n. Adem\u00e1s, nuestros t\u00e9cnicos se desplazar\u00e1n gratuitamente hasta el lugar de instalaci\u00f3n para garantizar una experiencia sin problemas para nuestros clientes.&nbsp;<\/span><\/p>\n\n\n\n<h3 class=\"wp-block-heading\"><strong>\u00a1PIDE TU PRESUPUESTO para instalaci\u00f3n y reparaci\u00f3n de antenas en\u00a0Viladecans LLAMANDO AL 618 522 577!<\/strong><\/h3>\n\n\n\n<p><span style=\"font-weight: 400;\"> <\/span><a href=\"https:\/\/www.antenascasanova.com\/es\/antenistas-en-barcelona\/\"><span style=\"font-weight: 400;\">Antenistas en Barcelona<\/span><\/a><span style=\"font-weight: 400;\">, <\/span><a href=\"https:\/\/www.antenascasanova.com\/es\/antenistas-en-sant-cugat-del-valles\/\"><span style=\"font-weight: 400;\">antenistas en Sant Cugat del Vall\u00e8s<\/span><\/a><span style=\"font-weight: 400;\">, <\/span><a href=\"https:\/\/www.antenascasanova.com\/es\/antenistas-en-sabadell\/\"><span style=\"font-weight: 400;\">antenistas en Sabadell<\/span><\/a><span style=\"font-weight: 400;\">, <\/span><a href=\"https:\/\/www.antenascasanova.com\/es\/antenistas-en-santa-coloma-de-gramenet\/\"><span style=\"font-weight: 400;\">antenistas en Santa Coloma de Gramenet<\/span><\/a><span style=\"font-weight: 400;\"> <\/span><\/p>\n","protected":false},"excerpt":{"rendered":"<p>Cuando necesitas antenistas en Viladecans te encuentras en la b\u00fasqueda de un servicio experimentado, capacitado y con precios accesibles, que pueda resolver r\u00e1pidamente los problemas t\u00e9cnicos en tu servicio de TV y video. Somos antenistas en Viladecans y contamos con un equipo de antenistas econ\u00f3micos que ofrece los mejores servicios de instalaci\u00f3n y reparaci\u00f3n de [&hellip;]<\/p>\n","protected":false},"author":1,"featured_media":510,"comment_status":"open","ping_status":"open","sticky":false,"template":"","format":"standard","meta":{"footnotes":""},"categories":[22],"tags":[28,30,24],"class_list":["post-262","post","type-post","status-publish","format-standard","has-post-thumbnail","hentry","category-antenas","tag-antenas-television","tag-empresa-instaladora-de-antenas","tag-instalacion-antenas"],"yoast_head":"<!-- This site is optimized with the Yoast SEO Premium plugin v26.3 (Yoast SEO v26.6) - https:\/\/yoast.com\/wordpress\/plugins\/seo\/ -->\n<title>Antenistas en Viladecans\u3010 618.522.577 \u3011\u2734\ufe0f<\/title>\n<meta name=\"description\" content=\"\u2705 Antenistas en Viladecans \u2705 Reparaci\u00f3n e instalaci\u00f3n de antenas \u2705 TDT, porteros, videoporteros y m\u00e1s en Viladecans \u260e\ufe0f\u3010 618.522.577 \u3011\" \/>\n<meta name=\"robots\" content=\"index, follow, max-snippet:-1, max-image-preview:large, max-video-preview:-1\" \/>\n<link rel=\"canonical\" href=\"https:\/\/www.antenascasanova.com\/es\/antenistas-en-viladecans\/\" \/>\n<meta property=\"og:locale\" content=\"es_ES\" \/>\n<meta property=\"og:type\" content=\"article\" \/>\n<meta property=\"og:title\" content=\"Antenistas en Viladecans\ufffc\" \/>\n<meta property=\"og:description\" content=\"\u2705 Antenistas en Viladecans \u2705 Reparaci\u00f3n e instalaci\u00f3n de antenas \u2705 TDT, porteros, videoporteros y m\u00e1s en Viladecans \u260e\ufe0f\u3010 618.522.577 \u3011\" \/>\n<meta property=\"og:url\" content=\"https:\/\/www.antenascasanova.com\/es\/antenistas-en-viladecans\/\" \/>\n<meta property=\"og:site_name\" content=\"Casanova Teleco\" \/>\n<meta property=\"article:published_time\" content=\"2022-02-17T10:00:00+00:00\" \/>\n<meta property=\"article:modified_time\" content=\"2024-04-15T11:42:38+00:00\" \/>\n<meta property=\"og:image\" content=\"https:\/\/www.antenascasanova.com\/wp-content\/uploads\/2023\/04\/Antenascasanova-blog-antenistas-en-viladecans.jpg\" \/>\n\t<meta property=\"og:image:width\" content=\"1000\" \/>\n\t<meta property=\"og:image:height\" content=\"667\" \/>\n\t<meta property=\"og:image:type\" content=\"image\/jpeg\" \/>\n<meta name=\"author\" content=\"Elementor\" \/>\n<script type=\"application\/ld+json\" class=\"yoast-schema-graph\">{\"@context\":\"https:\/\/schema.org\",\"@graph\":[{\"@type\":\"Article\",\"@id\":\"https:\/\/www.antenascasanova.com\/es\/antenistas-en-viladecans\/#article\",\"isPartOf\":{\"@id\":\"https:\/\/www.antenascasanova.com\/es\/antenistas-en-viladecans\/\"},\"author\":{\"name\":\"Elementor\",\"@id\":\"https:\/\/www.antenascasanova.com\/es\/#\/schema\/person\/40ca04dc225233aaef572f97c6c42caa\"},\"headline\":\"Antenistas en Viladecans\ufffc\",\"datePublished\":\"2022-02-17T10:00:00+00:00\",\"dateModified\":\"2024-04-15T11:42:38+00:00\",\"mainEntityOfPage\":{\"@id\":\"https:\/\/www.antenascasanova.com\/es\/antenistas-en-viladecans\/\"},\"wordCount\":1043,\"commentCount\":0,\"publisher\":{\"@id\":\"https:\/\/www.antenascasanova.com\/es\/#organization\"},\"image\":{\"@id\":\"https:\/\/www.antenascasanova.com\/es\/antenistas-en-viladecans\/#primaryimage\"},\"thumbnailUrl\":\"https:\/\/www.antenascasanova.com\/wp-content\/uploads\/2023\/04\/Antenascasanova-blog-antenistas-en-viladecans.jpg\",\"keywords\":[\"antenas televisi\u00f3n\",\"empresa instaladora de antenas\",\"instalaci\u00f3n antenas\"],\"articleSection\":[\"Antenas\"],\"inLanguage\":\"es\",\"potentialAction\":[{\"@type\":\"CommentAction\",\"name\":\"Comment\",\"target\":[\"https:\/\/www.antenascasanova.com\/es\/antenistas-en-viladecans\/#respond\"]}]},{\"@type\":\"WebPage\",\"@id\":\"https:\/\/www.antenascasanova.com\/es\/antenistas-en-viladecans\/\",\"url\":\"https:\/\/www.antenascasanova.com\/es\/antenistas-en-viladecans\/\",\"name\":\"Antenistas en Viladecans\u3010 618.522.577 \u3011\u2734\ufe0f\",\"isPartOf\":{\"@id\":\"https:\/\/www.antenascasanova.com\/es\/#website\"},\"primaryImageOfPage\":{\"@id\":\"https:\/\/www.antenascasanova.com\/es\/antenistas-en-viladecans\/#primaryimage\"},\"image\":{\"@id\":\"https:\/\/www.antenascasanova.com\/es\/antenistas-en-viladecans\/#primaryimage\"},\"thumbnailUrl\":\"https:\/\/www.antenascasanova.com\/wp-content\/uploads\/2023\/04\/Antenascasanova-blog-antenistas-en-viladecans.jpg\",\"datePublished\":\"2022-02-17T10:00:00+00:00\",\"dateModified\":\"2024-04-15T11:42:38+00:00\",\"description\":\"\u2705 Antenistas en Viladecans \u2705 Reparaci\u00f3n e instalaci\u00f3n de antenas \u2705 TDT, porteros, videoporteros y m\u00e1s en Viladecans \u260e\ufe0f\u3010 618.522.577 \u3011\",\"breadcrumb\":{\"@id\":\"https:\/\/www.antenascasanova.com\/es\/antenistas-en-viladecans\/#breadcrumb\"},\"inLanguage\":\"es\",\"potentialAction\":[{\"@type\":\"ReadAction\",\"target\":[\"https:\/\/www.antenascasanova.com\/es\/antenistas-en-viladecans\/\"]}]},{\"@type\":\"ImageObject\",\"inLanguage\":\"es\",\"@id\":\"https:\/\/www.antenascasanova.com\/es\/antenistas-en-viladecans\/#primaryimage\",\"url\":\"https:\/\/www.antenascasanova.com\/wp-content\/uploads\/2023\/04\/Antenascasanova-blog-antenistas-en-viladecans.jpg\",\"contentUrl\":\"https:\/\/www.antenascasanova.com\/wp-content\/uploads\/2023\/04\/Antenascasanova-blog-antenistas-en-viladecans.jpg\",\"width\":1000,\"height\":667,\"caption\":\"Antenistas en viladecans\"},{\"@type\":\"BreadcrumbList\",\"@id\":\"https:\/\/www.antenascasanova.com\/es\/antenistas-en-viladecans\/#breadcrumb\",\"itemListElement\":[{\"@type\":\"ListItem\",\"position\":1,\"name\":\"Home\",\"item\":\"https:\/\/www.antenascasanova.com\/es\/\"},{\"@type\":\"ListItem\",\"position\":2,\"name\":\"Antenistas en Viladecans\ufffc\"}]},{\"@type\":\"WebSite\",\"@id\":\"https:\/\/www.antenascasanova.com\/es\/#website\",\"url\":\"https:\/\/www.antenascasanova.com\/es\/\",\"name\":\"Casanova Teleco\",\"description\":\"Instalaci\u00f3n y reparaci\u00f3n de antenas de todo tipo, TDT, porteros, video porteros, cctv, controles de acceso, alarmas y dom\u00f3tica\",\"publisher\":{\"@id\":\"https:\/\/www.antenascasanova.com\/es\/#organization\"},\"potentialAction\":[{\"@type\":\"SearchAction\",\"target\":{\"@type\":\"EntryPoint\",\"urlTemplate\":\"https:\/\/www.antenascasanova.com\/es\/?s={search_term_string}\"},\"query-input\":{\"@type\":\"PropertyValueSpecification\",\"valueRequired\":true,\"valueName\":\"search_term_string\"}}],\"inLanguage\":\"es\"},{\"@type\":\"Organization\",\"@id\":\"https:\/\/www.antenascasanova.com\/es\/#organization\",\"name\":\"Casanova Teleco\",\"url\":\"https:\/\/www.antenascasanova.com\/es\/\",\"logo\":{\"@type\":\"ImageObject\",\"inLanguage\":\"es\",\"@id\":\"https:\/\/www.antenascasanova.com\/es\/#\/schema\/logo\/image\/\",\"url\":\"https:\/\/www.antenascasanova.com\/wp-content\/uploads\/2025\/05\/Antenas-Casanova.png\",\"contentUrl\":\"https:\/\/www.antenascasanova.com\/wp-content\/uploads\/2025\/05\/Antenas-Casanova.png\",\"width\":487,\"height\":195,\"caption\":\"Casanova Teleco\"},\"image\":{\"@id\":\"https:\/\/www.antenascasanova.com\/es\/#\/schema\/logo\/image\/\"}},{\"@type\":\"Person\",\"@id\":\"https:\/\/www.antenascasanova.com\/es\/#\/schema\/person\/40ca04dc225233aaef572f97c6c42caa\",\"name\":\"Elementor\",\"image\":{\"@type\":\"ImageObject\",\"inLanguage\":\"es\",\"@id\":\"https:\/\/www.antenascasanova.com\/es\/#\/schema\/person\/image\/\",\"url\":\"https:\/\/secure.gravatar.com\/avatar\/6c860925a3cdb3217cc078dce380507babcf0dae6e294c9613d0c58df703d471?s=96&d=mm&r=g\",\"contentUrl\":\"https:\/\/secure.gravatar.com\/avatar\/6c860925a3cdb3217cc078dce380507babcf0dae6e294c9613d0c58df703d471?s=96&d=mm&r=g\",\"caption\":\"Elementor\"},\"url\":\"https:\/\/www.antenascasanova.com\/es\/author\/antenas\/\"}]}<\/script>\n<!-- \/ Yoast SEO Premium plugin. -->","yoast_head_json":{"title":"Antenistas en Viladecans\u3010 618.522.577 \u3011\u2734\ufe0f","description":"\u2705 Antenistas en Viladecans \u2705 Reparaci\u00f3n e instalaci\u00f3n de antenas \u2705 TDT, porteros, videoporteros y m\u00e1s en Viladecans \u260e\ufe0f\u3010 618.522.577 \u3011","robots":{"index":"index","follow":"follow","max-snippet":"max-snippet:-1","max-image-preview":"max-image-preview:large","max-video-preview":"max-video-preview:-1"},"canonical":"https:\/\/www.antenascasanova.com\/es\/antenistas-en-viladecans\/","og_locale":"es_ES","og_type":"article","og_title":"Antenistas en Viladecans\ufffc","og_description":"\u2705 Antenistas en Viladecans \u2705 Reparaci\u00f3n e instalaci\u00f3n de antenas \u2705 TDT, porteros, videoporteros y m\u00e1s en Viladecans \u260e\ufe0f\u3010 618.522.577 \u3011","og_url":"https:\/\/www.antenascasanova.com\/es\/antenistas-en-viladecans\/","og_site_name":"Casanova Teleco","article_published_time":"2022-02-17T10:00:00+00:00","article_modified_time":"2024-04-15T11:42:38+00:00","og_image":[{"width":1000,"height":667,"url":"https:\/\/www.antenascasanova.com\/wp-content\/uploads\/2023\/04\/Antenascasanova-blog-antenistas-en-viladecans.jpg","type":"image\/jpeg"}],"author":"Elementor","schema":{"@context":"https:\/\/schema.org","@graph":[{"@type":"Article","@id":"https:\/\/www.antenascasanova.com\/es\/antenistas-en-viladecans\/#article","isPartOf":{"@id":"https:\/\/www.antenascasanova.com\/es\/antenistas-en-viladecans\/"},"author":{"name":"Elementor","@id":"https:\/\/www.antenascasanova.com\/es\/#\/schema\/person\/40ca04dc225233aaef572f97c6c42caa"},"headline":"Antenistas en Viladecans\ufffc","datePublished":"2022-02-17T10:00:00+00:00","dateModified":"2024-04-15T11:42:38+00:00","mainEntityOfPage":{"@id":"https:\/\/www.antenascasanova.com\/es\/antenistas-en-viladecans\/"},"wordCount":1043,"commentCount":0,"publisher":{"@id":"https:\/\/www.antenascasanova.com\/es\/#organization"},"image":{"@id":"https:\/\/www.antenascasanova.com\/es\/antenistas-en-viladecans\/#primaryimage"},"thumbnailUrl":"https:\/\/www.antenascasanova.com\/wp-content\/uploads\/2023\/04\/Antenascasanova-blog-antenistas-en-viladecans.jpg","keywords":["antenas televisi\u00f3n","empresa instaladora de antenas","instalaci\u00f3n antenas"],"articleSection":["Antenas"],"inLanguage":"es","potentialAction":[{"@type":"CommentAction","name":"Comment","target":["https:\/\/www.antenascasanova.com\/es\/antenistas-en-viladecans\/#respond"]}]},{"@type":"WebPage","@id":"https:\/\/www.antenascasanova.com\/es\/antenistas-en-viladecans\/","url":"https:\/\/www.antenascasanova.com\/es\/antenistas-en-viladecans\/","name":"Antenistas en Viladecans\u3010 618.522.577 \u3011\u2734\ufe0f","isPartOf":{"@id":"https:\/\/www.antenascasanova.com\/es\/#website"},"primaryImageOfPage":{"@id":"https:\/\/www.antenascasanova.com\/es\/antenistas-en-viladecans\/#primaryimage"},"image":{"@id":"https:\/\/www.antenascasanova.com\/es\/antenistas-en-viladecans\/#primaryimage"},"thumbnailUrl":"https:\/\/www.antenascasanova.com\/wp-content\/uploads\/2023\/04\/Antenascasanova-blog-antenistas-en-viladecans.jpg","datePublished":"2022-02-17T10:00:00+00:00","dateModified":"2024-04-15T11:42:38+00:00","description":"\u2705 Antenistas en Viladecans \u2705 Reparaci\u00f3n e instalaci\u00f3n de antenas \u2705 TDT, porteros, videoporteros y m\u00e1s en Viladecans \u260e\ufe0f\u3010 618.522.577 \u3011","breadcrumb":{"@id":"https:\/\/www.antenascasanova.com\/es\/antenistas-en-viladecans\/#breadcrumb"},"inLanguage":"es","potentialAction":[{"@type":"ReadAction","target":["https:\/\/www.antenascasanova.com\/es\/antenistas-en-viladecans\/"]}]},{"@type":"ImageObject","inLanguage":"es","@id":"https:\/\/www.antenascasanova.com\/es\/antenistas-en-viladecans\/#primaryimage","url":"https:\/\/www.antenascasanova.com\/wp-content\/uploads\/2023\/04\/Antenascasanova-blog-antenistas-en-viladecans.jpg","contentUrl":"https:\/\/www.antenascasanova.com\/wp-content\/uploads\/2023\/04\/Antenascasanova-blog-antenistas-en-viladecans.jpg","width":1000,"height":667,"caption":"Antenistas en viladecans"},{"@type":"BreadcrumbList","@id":"https:\/\/www.antenascasanova.com\/es\/antenistas-en-viladecans\/#breadcrumb","itemListElement":[{"@type":"ListItem","position":1,"name":"Home","item":"https:\/\/www.antenascasanova.com\/es\/"},{"@type":"ListItem","position":2,"name":"Antenistas en Viladecans\ufffc"}]},{"@type":"WebSite","@id":"https:\/\/www.antenascasanova.com\/es\/#website","url":"https:\/\/www.antenascasanova.com\/es\/","name":"Casanova Teleco","description":"Instalaci\u00f3n y reparaci\u00f3n de antenas de todo tipo, TDT, porteros, video porteros, cctv, controles de acceso, alarmas y dom\u00f3tica","publisher":{"@id":"https:\/\/www.antenascasanova.com\/es\/#organization"},"potentialAction":[{"@type":"SearchAction","target":{"@type":"EntryPoint","urlTemplate":"https:\/\/www.antenascasanova.com\/es\/?s={search_term_string}"},"query-input":{"@type":"PropertyValueSpecification","valueRequired":true,"valueName":"search_term_string"}}],"inLanguage":"es"},{"@type":"Organization","@id":"https:\/\/www.antenascasanova.com\/es\/#organization","name":"Casanova Teleco","url":"https:\/\/www.antenascasanova.com\/es\/","logo":{"@type":"ImageObject","inLanguage":"es","@id":"https:\/\/www.antenascasanova.com\/es\/#\/schema\/logo\/image\/","url":"https:\/\/www.antenascasanova.com\/wp-content\/uploads\/2025\/05\/Antenas-Casanova.png","contentUrl":"https:\/\/www.antenascasanova.com\/wp-content\/uploads\/2025\/05\/Antenas-Casanova.png","width":487,"height":195,"caption":"Casanova Teleco"},"image":{"@id":"https:\/\/www.antenascasanova.com\/es\/#\/schema\/logo\/image\/"}},{"@type":"Person","@id":"https:\/\/www.antenascasanova.com\/es\/#\/schema\/person\/40ca04dc225233aaef572f97c6c42caa","name":"Elementor","image":{"@type":"ImageObject","inLanguage":"es","@id":"https:\/\/www.antenascasanova.com\/es\/#\/schema\/person\/image\/","url":"https:\/\/secure.gravatar.com\/avatar\/6c860925a3cdb3217cc078dce380507babcf0dae6e294c9613d0c58df703d471?s=96&d=mm&r=g","contentUrl":"https:\/\/secure.gravatar.com\/avatar\/6c860925a3cdb3217cc078dce380507babcf0dae6e294c9613d0c58df703d471?s=96&d=mm&r=g","caption":"Elementor"},"url":"https:\/\/www.antenascasanova.com\/es\/author\/antenas\/"}]}},"_links":{"self":[{"href":"https:\/\/www.antenascasanova.com\/es\/wp-json\/wp\/v2\/posts\/262","targetHints":{"allow":["GET"]}}],"collection":[{"href":"https:\/\/www.antenascasanova.com\/es\/wp-json\/wp\/v2\/posts"}],"about":[{"href":"https:\/\/www.antenascasanova.com\/es\/wp-json\/wp\/v2\/types\/post"}],"author":[{"embeddable":true,"href":"https:\/\/www.antenascasanova.com\/es\/wp-json\/wp\/v2\/users\/1"}],"replies":[{"embeddable":true,"href":"https:\/\/www.antenascasanova.com\/es\/wp-json\/wp\/v2\/comments?post=262"}],"version-history":[{"count":3,"href":"https:\/\/www.antenascasanova.com\/es\/wp-json\/wp\/v2\/posts\/262\/revisions"}],"predecessor-version":[{"id":1736,"href":"https:\/\/www.antenascasanova.com\/es\/wp-json\/wp\/v2\/posts\/262\/revisions\/1736"}],"wp:featuredmedia":[{"embeddable":true,"href":"https:\/\/www.antenascasanova.com\/es\/wp-json\/wp\/v2\/media\/510"}],"wp:attachment":[{"href":"https:\/\/www.antenascasanova.com\/es\/wp-json\/wp\/v2\/media?parent=262"}],"wp:term":[{"taxonomy":"category","embeddable":true,"href":"https:\/\/www.antenascasanova.com\/es\/wp-json\/wp\/v2\/categories?post=262"},{"taxonomy":"post_tag","embeddable":true,"href":"https:\/\/www.antenascasanova.com\/es\/wp-json\/wp\/v2\/tags?post=262"}],"curies":[{"name":"wp","href":"https:\/\/api.w.org\/{rel}","templated":true}]}}